{"id":1216,"date":"2023-05-02T22:39:37","date_gmt":"2023-05-03T01:39:37","guid":{"rendered":"https:\/\/dcentro.uy\/dc\/?p=1216"},"modified":"2026-08-14T11:12:25","modified_gmt":"2026-08-14T14:12:25","slug":"gloria-rodriguez","status":"publish","type":"post","link":"https:\/\/dcentro.uy\/dc\/gloria-rodriguez\/","title":{"rendered":"Gloria Rodr\u00edguez"},"content":{"rendered":"<p>Gloria Rodr\u00edguez naci\u00f3 Melo,Cerro Largo. Su padre era polic\u00eda y su madre, trabajadora dom\u00e9stica.<br \/>\nEn 1991, se mud\u00f3 a Montevideo con sus hijos y su bisabuela y se instal\u00f3 en el barrio Malv\u00edn Norte.<\/p>\n<p>Durante la crisis econ\u00f3mica de 2002, instal\u00f3 un comedor comunitario que aliment\u00f3 a 70 ni\u00f1os de la zona. Desde entonces se ha dedicado al trabajo comunitario en asentamientos.[7]<\/p>\n<p>Se present\u00f3 en elecciones generales de 2014 como miembro del sector Todos de Luis Lacalle Pou, resultando electa Representante Nacional para la XLVIII Legislatura.<br \/>\nAsumi\u00f3 el cargo el 15 de febrero de 2015, convirti\u00e9ndose e<strong>n la primera mujer afrouruguaya en ocupar un esca\u00f1o en la c\u00e1mara baja de la Asamblea General<\/strong>.<br \/>\nEn las elecciones generales de 2019 fue elegida senadora para la XLIX Legislatura, siendo <strong>la primera mujer afrodescendiente en acceder a un esca\u00f1o senatorial en Uruguay.<\/strong><\/p>\n<p>A mediados de septiembre de 2024 anunci\u00f3 su incorporaci\u00f3n al sector D centro, como suplente de Beatriz Argim\u00f3n en su candidatura a la C\u00e1mara de Senadores por la Lista 5.<\/p>\n","protected":false},"excerpt":{"rendered":"<p>Directora del Partido Nacional <\/p>\n","protected":false},"author":2,"featured_media":1238,"comment_status":"open","ping_status":"open","sticky":false,"template":"","format":"standard","meta":{"footnotes":""},"categories":[32],"tags":[],"class_list":["post-1216","post","type-post","status-publish","format-standard","has-post-thumbnail","hentry","category-nosotros"],"_links":{"self":[{"href":"https:\/\/dcentro.uy\/dc\/wp-json\/wp\/v2\/posts\/1216","targetHints":{"allow":["GET"]}}],"collection":[{"href":"https:\/\/dcentro.uy\/dc\/wp-json\/wp\/v2\/posts"}],"about":[{"href":"https:\/\/dcentro.uy\/dc\/wp-json\/wp\/v2\/types\/post"}],"author":[{"embeddable":true,"href":"https:\/\/dcentro.uy\/dc\/wp-json\/wp\/v2\/users\/2"}],"replies":[{"embeddable":true,"href":"https:\/\/dcentro.uy\/dc\/wp-json\/wp\/v2\/comments?post=1216"}],"version-history":[{"count":1,"href":"https:\/\/dcentro.uy\/dc\/wp-json\/wp\/v2\/posts\/1216\/revisions"}],"predecessor-version":[{"id":1218,"href":"https:\/\/dcentro.uy\/dc\/wp-json\/wp\/v2\/posts\/1216\/revisions\/1218"}],"wp:featuredmedia":[{"embeddable":true,"href":"https:\/\/dcentro.uy\/dc\/wp-json\/wp\/v2\/media\/1238"}],"wp:attachment":[{"href":"https:\/\/dcentro.uy\/dc\/wp-json\/wp\/v2\/media?parent=1216"}],"wp:term":[{"taxonomy":"category","embeddable":true,"href":"https:\/\/dcentro.uy\/dc\/wp-json\/wp\/v2\/categories?post=1216"},{"taxonomy":"post_tag","embeddable":true,"href":"https:\/\/dcentro.uy\/dc\/wp-json\/wp\/v2\/tags?post=1216"}],"curies":[{"name":"wp","href":"https:\/\/api.w.org\/{rel}","templated":true}]}}