{"id":1168,"date":"2023-05-01T16:19:51","date_gmt":"2023-05-01T19:19:51","guid":{"rendered":"https:\/\/dcentro.uy\/dc\/?p=1168"},"modified":"2026-08-14T11:16:05","modified_gmt":"2026-08-14T14:16:05","slug":"nicolas-olivera","status":"publish","type":"post","link":"https:\/\/dcentro.uy\/dc\/nicolas-olivera\/","title":{"rendered":"Nicol\u00e1s Olivera"},"content":{"rendered":"<p>Nicol\u00e1s Olivera Seiguerman (Paysand\u00fa, Paysand\u00fa, 4 de mayo de 1981) es un pol\u00edtico uruguayo, perteneciente al sector D Centro del Partido Nacional.1\u200b Es el Intendente de Paysand\u00fa desde 2020.<br \/>\nNacido el 4 de mayo de 1981, Nicol\u00e1s asisti\u00f3 a la Escuela P\u00fablica Nro. 171 Franklin D. Roosevelt y continu\u00f3 luego sus estudios secundarios en Col\u00f3n, Argentina. En 1998 comenz\u00f3 su etapa universitaria en la Facultad de Derecho de la UDELAR, Regional Norte, Sede Salto, la cual finaliz\u00f3 al obtener su t\u00edtulo de Doctor en Derecho y Ciencias Sociales. Desde 2006, est\u00e1 casado con Sabrina y juntos tienen 3 hijas: Isabella, Renata y Constanza.<\/p>\n<p>A nivel parlamentario, ejerci\u00f3 su funci\u00f3n como Diputado por el Partido Nacional para el per\u00edodo 2015-2020, puesto que debio abandonar tras ser electo intendente.En la misma l\u00ednea se desempe\u00f1\u00f3 como Director en el Directorio del Partido Nacional, Tercer Vicepresidente de la C\u00e1mara de Representantes, Integrante titular de la Comisi\u00f3n de Asuntos Internacionales de la C\u00e1mara de Representantes para el per\u00edodo 2017 a 2020 y Vicepresidente de la Comisi\u00f3n de Asuntos Internaciones de la C\u00e1mara de Representantes en 2017.<\/p>\n<p>En cuanto al plano departamental, se desempe\u00f1\u00f3 como Edil titular en la Junta Departamental de Paysand\u00fa, por el Partido Nacional, desde 2005 a 2010. Fue Encargado de la Unidad de Vivienda entre 2010 y 2013, Director General de Obras entre 2013 y 2015, as\u00ed como tambi\u00e9n Secretario General en forma interina en sucesivos per\u00edodos durante la gesti\u00f3n 2010-2015.\u200b<\/p>\n<p>Intendente de Paysandu<br \/>\nEn inicios del 2019, Olivera lanzo su candidatura a la intendencia bajo la idea de que los sanduceros buscaban un \u00abcambio\u00bb y anunciaba su apoyo a Jorge Larra\u00f1aga como precandidato a las presidencia de la Rep\u00fablica.<\/p>\n<p>Lanza asi la lista 51 acompa\u00f1ado de distintos personajes importantes en la politica sanducera, ademas de contar con el apoyo de Larra\u00f1aga que alguna vez fue intendente de Paysand\u00fa. Olivera lanzaba su campa\u00f1a con el lema y jingle \u00abPaysand\u00fa te quiero de pie\u00bb<\/p>\n<p>En las elecciones departamentales de 2020 obtuvo 24.034 votos y el 29% del electorado6\u200b, superando a el intendente de aquel momento Guillermo Caraballo que luchaba por la reeleccion departamental. En estas elecciones, el Partido Nacional triunfo con el 48.5% de los votos. Fue reelecto intendente de Paysand\u00fa en las elecciones departamentales de 2025 y fue nombrado, adem\u00e1s, Presidente del Congreso de Intendentes. <\/p>\n","protected":false},"excerpt":{"rendered":"<p>Intendente de Paysand\u00fa<\/p>\n","protected":false},"author":2,"featured_media":1239,"comment_status":"open","ping_status":"open","sticky":false,"template":"","format":"standard","meta":{"footnotes":""},"categories":[32],"tags":[],"class_list":["post-1168","post","type-post","status-publish","format-standard","has-post-thumbnail","hentry","category-nosotros"],"_links":{"self":[{"href":"https:\/\/dcentro.uy\/dc\/wp-json\/wp\/v2\/posts\/1168","targetHints":{"allow":["GET"]}}],"collection":[{"href":"https:\/\/dcentro.uy\/dc\/wp-json\/wp\/v2\/posts"}],"about":[{"href":"https:\/\/dcentro.uy\/dc\/wp-json\/wp\/v2\/types\/post"}],"author":[{"embeddable":true,"href":"https:\/\/dcentro.uy\/dc\/wp-json\/wp\/v2\/users\/2"}],"replies":[{"embeddable":true,"href":"https:\/\/dcentro.uy\/dc\/wp-json\/wp\/v2\/comments?post=1168"}],"version-history":[{"count":3,"href":"https:\/\/dcentro.uy\/dc\/wp-json\/wp\/v2\/posts\/1168\/revisions"}],"predecessor-version":[{"id":1241,"href":"https:\/\/dcentro.uy\/dc\/wp-json\/wp\/v2\/posts\/1168\/revisions\/1241"}],"wp:featuredmedia":[{"embeddable":true,"href":"https:\/\/dcentro.uy\/dc\/wp-json\/wp\/v2\/media\/1239"}],"wp:attachment":[{"href":"https:\/\/dcentro.uy\/dc\/wp-json\/wp\/v2\/media?parent=1168"}],"wp:term":[{"taxonomy":"category","embeddable":true,"href":"https:\/\/dcentro.uy\/dc\/wp-json\/wp\/v2\/categories?post=1168"},{"taxonomy":"post_tag","embeddable":true,"href":"https:\/\/dcentro.uy\/dc\/wp-json\/wp\/v2\/tags?post=1168"}],"curies":[{"name":"wp","href":"https:\/\/api.w.org\/{rel}","templated":true}]}}