{"id":1051,"date":"2023-08-06T21:39:04","date_gmt":"2023-08-07T00:39:04","guid":{"rendered":"https:\/\/dcentro.uy\/dc\/?p=1051"},"modified":"2026-08-14T10:58:47","modified_gmt":"2026-08-14T13:58:47","slug":"agustina-guido","status":"publish","type":"post","link":"https:\/\/dcentro.uy\/dc\/agustina-guido\/","title":{"rendered":"Agustina Guido"},"content":{"rendered":"<p><strong>Agustina Guido<\/strong> es Licenciada en Ciencias de la Comunicaci\u00f3n.<br \/>\nHasta 2025 se desempe\u00f1\u00f3 como directora de Comunicaci\u00f3n Institucional del Instituto del ni\u00f1o y Adolescente del Uruguay (INAU) e integrante del equipo de comunicaci\u00f3n del Instituto Nacional de Cooperativismo (INACOOP).<br \/>\nFue entre 2012 y 2020 Encargada de Prensa y Comunicaci\u00f3n del entonces Senador Jorge Larra\u00f1aga, desempe\u00f1ando tareas de comunicaci\u00f3n y v\u00ednculo con la prensa en las campa\u00f1as electorales de 2014 y 2019 as\u00ed como en la Campa\u00f1a por el Plebiscito de Reforma Constitucional \u201cVivir sin Miedo\u201d en 2019.<\/p>\n","protected":false},"excerpt":{"rendered":"<p>Ex Directora de Comunicaci\u00f3n Institucional del INAU<\/p>\n","protected":false},"author":2,"featured_media":1116,"comment_status":"open","ping_status":"open","sticky":false,"template":"","format":"standard","meta":{"footnotes":""},"categories":[32],"tags":[],"class_list":["post-1051","post","type-post","status-publish","format-standard","has-post-thumbnail","hentry","category-nosotros"],"_links":{"self":[{"href":"https:\/\/dcentro.uy\/dc\/wp-json\/wp\/v2\/posts\/1051","targetHints":{"allow":["GET"]}}],"collection":[{"href":"https:\/\/dcentro.uy\/dc\/wp-json\/wp\/v2\/posts"}],"about":[{"href":"https:\/\/dcentro.uy\/dc\/wp-json\/wp\/v2\/types\/post"}],"author":[{"embeddable":true,"href":"https:\/\/dcentro.uy\/dc\/wp-json\/wp\/v2\/users\/2"}],"replies":[{"embeddable":true,"href":"https:\/\/dcentro.uy\/dc\/wp-json\/wp\/v2\/comments?post=1051"}],"version-history":[{"count":4,"href":"https:\/\/dcentro.uy\/dc\/wp-json\/wp\/v2\/posts\/1051\/revisions"}],"predecessor-version":[{"id":1229,"href":"https:\/\/dcentro.uy\/dc\/wp-json\/wp\/v2\/posts\/1051\/revisions\/1229"}],"wp:featuredmedia":[{"embeddable":true,"href":"https:\/\/dcentro.uy\/dc\/wp-json\/wp\/v2\/media\/1116"}],"wp:attachment":[{"href":"https:\/\/dcentro.uy\/dc\/wp-json\/wp\/v2\/media?parent=1051"}],"wp:term":[{"taxonomy":"category","embeddable":true,"href":"https:\/\/dcentro.uy\/dc\/wp-json\/wp\/v2\/categories?post=1051"},{"taxonomy":"post_tag","embeddable":true,"href":"https:\/\/dcentro.uy\/dc\/wp-json\/wp\/v2\/tags?post=1051"}],"curies":[{"name":"wp","href":"https:\/\/api.w.org\/{rel}","templated":true}]}}